{"id":17008,"date":"2026-04-02T12:21:52","date_gmt":"2026-04-02T10:21:52","guid":{"rendered":"https:\/\/www.chiesadimilano.it\/ufficioperlecomunicazionisociali\/?p=17008"},"modified":"2026-04-02T12:23:10","modified_gmt":"2026-04-02T10:23:10","slug":"insieme-a-800-sacerdoti-e-diaconi-larcivescovo-ha-celebrato-in-duomo-la-messa-crismale","status":"publish","type":"post","link":"https:\/\/www.chiesadimilano.it\/ufficioperlecomunicazionisociali\/comunicati-stampa\/insieme-a-800-sacerdoti-e-diaconi-larcivescovo-ha-celebrato-in-duomo-la-messa-crismale-17008.html","title":{"rendered":"Insieme a 800 sacerdoti e diaconi l\u2019Arcivescovo ha celebrato in Duomo la Messa crismale"},"content":{"rendered":"<div><i data-olk-copy-source=\"MailCompose\">Milano, 2 aprile 2026<\/i>\u00a0\u2013 Erano circa 800 i sacerdoti e i diaconi che, insieme a diversi fedeli laici, hanno partecipato alla Santa Messa crismale celebrata nel Duomo di Milano questa mattina e presieduta dall\u2019Arcivescovo. Si tratta di una delle celebrazioni pi\u00f9 importanti e solenni di tutto l\u2019anno liturgico, durante la quale i presbiteri rinnovano le loro promesse sacerdotali e in cui vengono benedetti gli Oli santi del crisma, dei catecumeni e degli infermi, destinati a tutte le parrocchie per la celebrazione dei sacramenti. Le offerte raccolte durante la Messa verranno destinate all\u2019assistenza e alla cura dei sacerdoti anziani e ammalati, attraverso la Fondazione Opera Aiuto Fraterno.<\/div>\n<div><\/div>\n<div>Nell\u2019omelia, come da tradizione specificamente dedicata al tema del sacerdozio, mons. Delpini ha anzitutto ricordato come \u00abi preti e i diaconi, che vivono ogni giorno tra la gente e per la gente, sanno dell\u2019infelicit\u00e0 del mondo\u00bb e conoscono questa infelicit\u00e0 \u00abnon come spettatori che osservano da fuori, ma come uomini che riconoscono anche in s\u00e9 stessi tracce di infelicit\u00e0 e ferite che la vita non risparmia, a nessuno\u00bb. Tuttavia, \u00abc\u2019\u00e8 anche un\u2019infelicit\u00e0 che non chiama i presbiteri. (\u2026) Dappertutto si vede l\u2019affannosa ricerca di un rimedio che impegna la gente infelice e la trascina in percorsi destinati alla delusione: nella frenesia che insegue le promesse illusorie dei risultati professionali, finanziari, nell\u2019eccitazione di affetti disordinati, nell\u2019evasione propiziata dalle sostanze\u00bb.<\/div>\n<div><\/div>\n<div>Ma, come racconta la pagina di Vangelo letta nella Messa, Ges\u00f9, pur rifiutato da quelli del suo paese, continua a prendersi cura dell\u2019infelicit\u00e0 del mondo. E cos\u00ec chiede ai suoi discepoli. \u00abL\u2019essere mandati \u2013 ha sottolineato l\u2019Arcivescovo &#8211; \u00e8 la ragione per cui Ges\u00f9 ha chiamato i suoi discepoli. La forma che la Chiesa assume \u00e8 in funzione della missione: questo \u00e8 il senso della organizzazione territoriale della Chiesa, perch\u00e9 ci sia dappertutto un prendersi a cuore l\u2019infelicit\u00e0 del mondo; questo \u00e8 il senso del camminare insieme con lo stile della sinodalit\u00e0, perch\u00e9 in tutti gli ambienti della vita i discepoli portino la parola che invita a conversione, la potenza che scaccia i demoni, l\u2019olio che guarisce le ferite della vita\u00bb.<\/div>\n<div><\/div>\n<div>Nonostante la stanchezza che contagia a volte anche il clero, \u00abi discepoli devono continuare a percorrere le strade degli uomini per indicare la via per entrare nel riposo di Dio: portare i pesi gli uni degli altri, tenere vivo l\u2019intenso desiderio dell\u2019incontro con il Signore\u00bb. E devono farlo \u201ca due a due\u201d, come chiede Ges\u00f9 nel Vangelo, \u00abperch\u00e9 la comunione nel clero sia un segno di quella unit\u00e0 convincente che Ges\u00f9 chiede al Padre\u00bb. In conclusione, ha ricordato mons. Delpini, \u00abil ministero si rivela opera di Dio che salva anche noi. Mentre ungiamo le ferite degli altri sperimentiamo che lo Spirito continua a prendersi cura delle nostre; mentre invitiamo alla speranza, impariamo di nuovo a sperare. Per essere guariti e per guarire: \u00e8 per questa missione che siamo mandati, imperfetti, impotenti, e insieme fiduciosi e lieti\u00bb.<\/div>\n<div><\/div>\n<div>Al termine della celebrazione l\u2019Arcivescovo, dopo aver ringraziato i presenti e ricordato i preti anziani e malati impossibilitati a partecipare, si \u00e8 anche rivolto ai sacerdoti che hanno lasciato il ministero: \u00abNoi li sentiamo sempre confratelli e li ricordiamo con affetto, con simpatia e auguriamo che possano percorrere una vita santa, anche se non pi\u00f9 nel ministero ordinato\u00bb.<\/div>\n<div><\/div>\n<div>Infine, il Vicario generale, mons. Franco Agnesi, ha annunciato che dal 22 aprile sar\u00e0 disponibile nelle librerie cattoliche e sul <a id=\"OWA2e4f8b6e-67b4-ce72-6a8e-a23cf277590d\" class=\"OWAAutoLink\" title=\"URL originale: https:\/\/chiesadimilano.musvc2.net\/e\/tr?q=0%3d8ZNeCb%268%3dX%26u%3dWPaD%26J%3dOeBa%26G%3dE1OBP_yvow_0f_DxZu_Nm_yvow_9kIT4.DFI-sDxOp.8AJ_yvow_9kBOv9AQ1J_DxZu_NmnP5Ah-91Is6-zFv81Pp-95-JpGwKv-WVYC%269%3d9RzQyY.u0F%26Fz%3daTXD%26OE%3dYGWRgAeNXGeTgC%26C%3dyg9V29md2eE9PCDby0jV288bwY0c2cG9QcA8TZCZV08d8h6wSficN8iYPBiWVfEYzdEW&amp;mupckp=mupAtu4m8OiX0wt. Fare clic o toccare se si considera attendibile questo collegamento.\" href=\"https:\/\/eur04.safelinks.protection.outlook.com\/?url=https%3A%2F%2Fchiesadimilano.musvc2.net%2Fe%2Ftr%3Fq%3D0%253d8ZNeCb%25268%253dX%2526u%253dWPaD%2526J%253dOeBa%2526G%253dE1OBP_yvow_0f_DxZu_Nm_yvow_9kIT4.DFI-sDxOp.8AJ_yvow_9kBOv9AQ1J_DxZu_NmnP5Ah-91Is6-zFv81Pp-95-JpGwKv-WVYC%25269%253d9RzQyY.u0F%2526Fz%253daTXD%2526OE%253dYGWRgAeNXGeTgC%2526C%253dyg9V29md2eE9PCDby0jV288bwY0c2cG9QcA8TZCZV08d8h6wSficN8iYPBiWVfEYzdEW%26mupckp%3DmupAtu4m8OiX0wt&amp;data=05%7C02%7Crbiglia%40diocesi.milano.it%7C19a77feda66a41314a0108de909fbc83%7C9ed8940a95ad43a28c6073ed54af4020%7C0%7C0%7C639107212929494082%7CUnknown%7CTWFpbGZsb3d8eyJFbXB0eU1hcGkiOnRydWUsIlYiOiIwLjAuMDAwMCIsIlAiOiJXaW4zMiIsIkFOIjoiTWFpbCIsIldUIjoyfQ%3D%3D%7C0%7C%7C%7C&amp;sdata=V4%2BnLukOel45RF9i2hu0L4a2sHe6glnf%2BPoy%2BUkp5oQ%3D&amp;reserved=0\" target=\"_blank\" rel=\"noopener noreferrer\" data-auth=\"NotApplicable\" data-linkindex=\"1\"><u>sito di\u00a0ITL Libri <\/u><\/a>\u00a0la \u201cGuida della Diocesi 2026\u201d. Il volume rappresenta un prezioso strumento di consultazione, offrendo informazioni aggiornate sulle parrocchie e le comunit\u00e0 pastorali, sugli organismi della Curia, sulle cappellanie ospedaliere e sui singoli presbiteri. Propone inoltre una sezione completamente rinnovata dedicata agli istituti di vita consacrata femminile e maschile.<\/div>\n<div><\/div>\n<div><a href=\"https:\/\/www.chiesadimilano.it\/ufficioperlecomunicazionisociali\/wp-content\/uploads\/sites\/21\/2026\/04\/Messa-crismale-2026.doc\" target=\"_blank\" rel=\"noopener\">Scarica<\/a> l\u2019omelia integrale dell\u2019Arcivescovo.<\/div>\n<div><\/div>\n<div><i>\u2026\u2026\u2026\u2026\u2026\u2026\u2026\u2026\u2026\u2026\u2026\u2026\u2026\u2026\u2026\u2026\u2026\u2026\u2026\u2026\u2026\u2026\u2026\u2026..<\/i><\/div>\n<div><i>Contatti Ufficio per le Comunicazioni\u00a0sociali<\/i><\/div>\n<div><i>Arcidiocesi di Milano<\/i><\/div>\n<div>Stefano Femminis (Responsabile): +39 3479784614<\/div>\n<div>Raffaele Biglia: +39 3338829000<\/div>\n","protected":false},"excerpt":{"rendered":"Milano, 2 aprile 2026\u00a0\u2013 Erano circa 800 i sacerdoti e i diaconi che, insieme a diversi fedeli laici, hanno partecipato alla Santa Messa crismale celebrata nel Duomo di Milano questa mattina e presieduta dall\u2019Arcivescovo. Si tratta di una delle celebrazioni pi\u00f9 importanti e solenni di tutto l\u2019anno liturgico, durante la quale i presbiteri rinnovano le [&hellip;]","protected":false},"author":0,"featured_media":0,"comment_status":"closed","ping_status":"closed","sticky":false,"template":"","format":"standard","meta":{"ip_address":"","user_agent":"","level":"","revision":"","cookie_id":"","page_referer":"","html_form":""},"categories":[282],"tags":[],"acf":[],"_links":{"self":[{"href":"https:\/\/www.chiesadimilano.it\/ufficioperlecomunicazionisociali\/wp-json\/wp\/v2\/posts\/17008"}],"collection":[{"href":"https:\/\/www.chiesadimilano.it\/ufficioperlecomunicazionisociali\/wp-json\/wp\/v2\/posts"}],"about":[{"href":"https:\/\/www.chiesadimilano.it\/ufficioperlecomunicazionisociali\/wp-json\/wp\/v2\/types\/post"}],"author":[{"embeddable":true,"href":"https:\/\/www.chiesadimilano.it\/ufficioperlecomunicazionisociali\/wp-json\/wp\/v2\/users\/64"}],"replies":[{"embeddable":true,"href":"https:\/\/www.chiesadimilano.it\/ufficioperlecomunicazionisociali\/wp-json\/wp\/v2\/comments?post=17008"}],"version-history":[{"count":3,"href":"https:\/\/www.chiesadimilano.it\/ufficioperlecomunicazionisociali\/wp-json\/wp\/v2\/posts\/17008\/revisions"}],"predecessor-version":[{"id":17012,"href":"https:\/\/www.chiesadimilano.it\/ufficioperlecomunicazionisociali\/wp-json\/wp\/v2\/posts\/17008\/revisions\/17012"}],"wp:attachment":[{"href":"https:\/\/www.chiesadimilano.it\/ufficioperlecomunicazionisociali\/wp-json\/wp\/v2\/media?parent=17008"}],"wp:term":[{"taxonomy":"category","embeddable":true,"href":"https:\/\/www.chiesadimilano.it\/ufficioperlecomunicazionisociali\/wp-json\/wp\/v2\/categories?post=17008"},{"taxonomy":"post_tag","embeddable":true,"href":"https:\/\/www.chiesadimilano.it\/ufficioperlecomunicazionisociali\/wp-json\/wp\/v2\/tags?post=17008"}],"curies":[{"name":"wp","href":"https:\/\/api.w.org\/{rel}","templated":true}]}}