{"id":16885,"date":"2026-03-26T13:55:23","date_gmt":"2026-03-26T12:55:23","guid":{"rendered":"https:\/\/www.chiesadimilano.it\/ufficioperlecomunicazionisociali\/?p=16885"},"modified":"2026-03-26T13:55:26","modified_gmt":"2026-03-26T12:55:26","slug":"domenica-29-marzo-allo-stadio-meazza-il-tradizionale-incontro-dei-cresimandi-con-larcivescovo-attese-45-mila-persone","status":"publish","type":"post","link":"https:\/\/www.chiesadimilano.it\/ufficioperlecomunicazionisociali\/comunicati-stampa\/domenica-29-marzo-allo-stadio-meazza-il-tradizionale-incontro-dei-cresimandi-con-larcivescovo-attese-45-mila-persone-16885.html","title":{"rendered":"Domenica 29 marzo allo Stadio Meazza il tradizionale incontro dei cresimandi con l\u2019Arcivescovo, attese 45 mila persone"},"content":{"rendered":"<div><\/div>\n<div><em>Milano, 26 marzo 2026<\/em> \u2013 Torna domenica 29 marzo, allo Stadio Giuseppe Meazza, il tradizionale incontro dei cresimandi della Diocesi di Milano con l\u2019Arcivescovo e i Vicari episcopali. Ad occupare gli spalti saranno circa 45 mila persone: ragazzi e ragazze (prevalentemente di quinta elementare) che riceveranno il sacramento della Confermazione nelle prossime settimane e mesi, i loro genitori con padrini e madrine, i sacerdoti, le religiose, le catechiste e i catechisti che li accompagnano nel cammino.<\/div>\n<div><\/div>\n<div>A partire dalle 14 \u2013 in attesa dell\u2019evento con l\u2019Arcivescovo che avr\u00e0 inizio alle 16 -, gli anelli dello stadio si coloreranno grazie alle pettorine indossate dai partecipanti, che rappresentano le sette Zone pastorali della Diocesi. Gli spalti saranno animati da scenografie e figurazioni realizzate con materiali di recupero (cartoni, stoffe riciclate, ombrelli, ecc.), messe in scena da circa 800 figuranti, in gran parte adolescenti degli oratori diocesani.<\/div>\n<div><\/div>\n<div>A ispirare i temi dell\u2019incontro \u00e8 la Lettera ai ragazzi della Cresima dal titolo &#8220;Dove vuoi che prepariamo?&#8221;, che l\u2019Arcivescovo ha consegnato all\u2019inizio di dicembre in occasione dell\u2019avvio del \u201cCammino 100 giorni cresimandi\u201d: un invito a riscoprire la dimensione della festa che fa da sfondo alla celebrazione della Cresima, passaggio che va preparato e rivissuto nella gioia della fede e nel servizio al prossimo.<\/div>\n<div><\/div>\n<div>Nel corso dell\u2019incontro, ricco di momenti scenografici, l\u2019Arcivescovo risponder\u00e0 a tre domande poste da un genitore, un cresimando e una catechista, che danno voce alle attese e alle fatiche dell\u2019educazione, della crescita nella fede e della vita delle comunit\u00e0.<\/div>\n<div><\/div>\n<div>All\u2019evento di domenica \u00e8 collegata anche una \u201cmicrorealizzazione\u201d: una raccolta fondi che quest\u2019anno, terminate le Olimpiadi e Paralimpiadi di Milano Cortina, andr\u00e0 a sostenere progetti sportivi nella Diocesi di Pucallpa, in Per\u00f9, a cura dell\u2019associazione \u201cCSI per il mondo\u201d. Lo sport, segno di gioia e di festa per tutti, nei Paesi pi\u00f9 poveri del mondo, dove non potrebbe essere praticato senza un sostegno concreto, diventa occasione di resilienza e rinascita per le giovani generazioni.<\/div>\n<div><\/div>\n<div>\u00abL\u2019incontro tra l\u2019Arcivescovo e i cresimandi \u2013 spiega don Stefano Guidi, direttore della Fondazione Oratori Milanesi \u2013 richiama allo stadio migliaia di persone ogni anno ed \u00e8 una grande festa per la Diocesi, un segno della vitalit\u00e0 delle nostre comunit\u00e0 parrocchiali e dell\u2019entusiasmo dei ragazzi. Per l\u2019occasione lo stadio si trasforma in uno spazio vivo e accogliente, pronto a ospitare mons. Delpini per vivere l\u2019evento diocesano dell\u2019anno\u00bb.<\/div>\n<div><\/div>\n<div>Dalle 15.30 nella Sala Executive dello stadio saranno presenti l\u2019Arcivescovo, i Vescovi ausiliari e i Vicari episcopali. Qui mons. Delpini rivolger\u00e0 un saluto particolare ai cresimandi con disabilit\u00e0. Poi alle 16, con il tradizionale giro di campo da parte dell\u2019Arcivescovo e dei suoi Vicari, avr\u00e0 inizio l\u2019evento, la cui conclusione \u00e8 prevista per le 18.<\/div>\n<div><\/div>\n<div>Organizzato per la prima volta nel 1983, l\u2019appuntamento con i cresimandi allo Stadio Meazza \u00e8 occasione di incontro annuale di generazioni di ragazzi con l\u2019Arcivescovo di Milano. Negli anni si sono susseguiti i cardinali Carlo Maria Martini, Dionigi Tettamanzi e Angelo Scola. E anche due Pontefici hanno voluto essere presenti all\u2019incontro a San Siro, integrandolo nel programma della loro visita a Milano: Papa Benedetto XVI nel 2012 e Papa Francesco nel 2017.<\/div>\n<div><\/div>\n<div><\/div>\n<div>Note per gli operatori dei media<\/div>\n<div>Gli operatori della comunicazione che intendono partecipare all\u2019incontro dovranno segnalare, entro le 18 di domani, venerd\u00ec 27 marzo, la propria presenza a comunicazione@diocesi.milano.it, indicando nome, cognome, testata e specificando la loro qualifica (giornalisti, operatori video o fotografi).<\/div>\n<div>L\u2019ingresso per i media si trover\u00e0 al cancello numero 8 dello Stadio Meazza.<\/div>\n<div><\/div>\n<div>Per i giornalisti \u00e8 previsto uno spazio nei Ground Box a bordo campo. Gli operatori video e i fotografi potranno muoversi tra gli spalti dello stadio. Pu\u00f2 essere prevista la loro presenza durante il giro a bordo campo dell\u2019Arcivescovo, muovendosi in pool e restando sulla fascia in sintetico. Durante la celebrazione, operatori video e fotografi resteranno nell\u2019area della tribuna arancio vicino alla postazione dell\u2019Arcivescovo, seguendo le indicazioni del personale preposto. In alternativa, chi non segue l\u2019Arcivescovo potr\u00e0 continuare a muoversi sugli spalti negli altri settori occupati dai ragazzi (primo e secondo anello).<\/div>\n<div><\/div>\n<div><\/div>\n<div>\u2026\u2026\u2026\u2026\u2026\u2026\u2026\u2026\u2026\u2026\u2026\u2026\u2026\u2026\u2026\u2026\u2026\u2026\u2026\u2026\u2026\u2026\u2026\u2026..<\/div>\n<div><em>Contatti Ufficio per le Comunicazioni sociali<\/em><\/div>\n<div><em>Arcidiocesi di Milano<\/em><\/div>\n<div><em>Stefano Femminis (Responsabile): +39 3479784614\u00a0<\/em><\/div>\n<div><em>Raffaele Biglia: +39 3338829000<\/em><\/div>\n<div><\/div>\n","protected":false},"excerpt":{"rendered":"Milano, 26 marzo 2026 \u2013 Torna domenica 29 marzo, allo Stadio Giuseppe Meazza, il tradizionale incontro dei cresimandi della Diocesi di Milano con l\u2019Arcivescovo e i Vicari episcopali. Ad occupare gli spalti saranno circa 45 mila persone: ragazzi e ragazze (prevalentemente di quinta elementare) che riceveranno il sacramento della Confermazione nelle prossime settimane e mesi, [&hellip;]","protected":false},"author":0,"featured_media":0,"comment_status":"closed","ping_status":"closed","sticky":false,"template":"","format":"standard","meta":{"ip_address":"","user_agent":"","level":"","revision":"","cookie_id":"","page_referer":"","html_form":""},"categories":[282],"tags":[],"acf":[],"_links":{"self":[{"href":"https:\/\/www.chiesadimilano.it\/ufficioperlecomunicazionisociali\/wp-json\/wp\/v2\/posts\/16885"}],"collection":[{"href":"https:\/\/www.chiesadimilano.it\/ufficioperlecomunicazionisociali\/wp-json\/wp\/v2\/posts"}],"about":[{"href":"https:\/\/www.chiesadimilano.it\/ufficioperlecomunicazionisociali\/wp-json\/wp\/v2\/types\/post"}],"author":[{"embeddable":true,"href":"https:\/\/www.chiesadimilano.it\/ufficioperlecomunicazionisociali\/wp-json\/wp\/v2\/users\/64"}],"replies":[{"embeddable":true,"href":"https:\/\/www.chiesadimilano.it\/ufficioperlecomunicazionisociali\/wp-json\/wp\/v2\/comments?post=16885"}],"version-history":[{"count":2,"href":"https:\/\/www.chiesadimilano.it\/ufficioperlecomunicazionisociali\/wp-json\/wp\/v2\/posts\/16885\/revisions"}],"predecessor-version":[{"id":16887,"href":"https:\/\/www.chiesadimilano.it\/ufficioperlecomunicazionisociali\/wp-json\/wp\/v2\/posts\/16885\/revisions\/16887"}],"wp:attachment":[{"href":"https:\/\/www.chiesadimilano.it\/ufficioperlecomunicazionisociali\/wp-json\/wp\/v2\/media?parent=16885"}],"wp:term":[{"taxonomy":"category","embeddable":true,"href":"https:\/\/www.chiesadimilano.it\/ufficioperlecomunicazionisociali\/wp-json\/wp\/v2\/categories?post=16885"},{"taxonomy":"post_tag","embeddable":true,"href":"https:\/\/www.chiesadimilano.it\/ufficioperlecomunicazionisociali\/wp-json\/wp\/v2\/tags?post=16885"}],"curies":[{"name":"wp","href":"https:\/\/api.w.org\/{rel}","templated":true}]}}