{"id":16546,"date":"2026-02-24T12:11:10","date_gmt":"2026-02-24T11:11:10","guid":{"rendered":"https:\/\/www.chiesadimilano.it\/ufficioperlecomunicazionisociali\/?p=16546"},"modified":"2026-02-25T11:04:25","modified_gmt":"2026-02-25T10:04:25","slug":"quaresima-ambrosiana-le-celebrazioni-e-le-iniziative-con-larcivescovo","status":"publish","type":"post","link":"https:\/\/www.chiesadimilano.it\/ufficioperlecomunicazionisociali\/comunicati-stampa\/quaresima-ambrosiana-le-celebrazioni-e-le-iniziative-con-larcivescovo-16546.html","title":{"rendered":"Quaresima ambrosiana: le celebrazioni e le iniziative con l\u2019Arcivescovo"},"content":{"rendered":"<div data-olk-copy-source=\"MailCompose\">Milano, 20 febbraio 2026 \u2013 Domenica 22 febbraio alle ore 17.30 l\u2019Arcivescovo di Milano, mons. Mario Delpini, presieder\u00e0 in Duomo la Messa nella prima Domenica di Quaresima, a cui seguir\u00e0 il Rito dell\u2019Imposizione delle ceneri. La celebrazione sar\u00e0 trasmessa in diretta streaming su www.chiesadimilano.it e sul canale YouTube della Diocesi.<\/div>\n<div><\/div>\n<div>Con l\u2019inizio della Quaresima prender\u00e0 avvio anche il tradizionale percorso di meditazioni quotidiane proposto dall\u2019Arcivescovo nei \u201ctempi forti\u201d attraverso i media diocesani. Il nuovo ciclo, intitolato \u201cKyrie, un esercizio di preghiera per ospitare la gioia di Pasqua\u201d, accompagner\u00e0 i fedeli lungo il cammino quaresimale con brevi riflessioni e momenti di preghiera.<\/div>\n<div><\/div>\n<div>In ognuna delle sei settimane l\u2019Arcivescovo si soffermer\u00e0 su un tema portante. Si comincer\u00e0 con una serie di brevi riflessioni e preghiere sulla pace, a partire dal Messaggio del Santo Padre pubblicato il 1\u00b0 gennaio, \u201cLa pace sia con tutti voi. Verso una pace disarmata e disarmante\u201d. Seguiranno, nella seconda settimana, il tema del battesimo e via via altri temi tipicamente quaresimali.<\/div>\n<div><\/div>\n<div>Le meditazioni quotidiane, che proseguiranno fino al mercoled\u00ec della Settimana santa, 1\u00b0 aprile, saranno disponibili su www.chiesadimilano.it, sul canale YouTube e sulla pagina Facebook della Diocesi dalle 7 del mattino; su Radio Marconi alle 20.20. Saranno inoltre trasmesse da Telenova (canale 18 del digitale terrestre) e Radio Mater.<\/div>\n<div><\/div>\n<div>Tra le altre celebrazioni con l\u2019Arcivescovo previste nel tempo di Quaresima, marted\u00ec 24 febbraio, alle 10, in Duomo mons. Delpini presieder\u00e0 un momento penitenziale per il clero. Rivolta a sacerdoti e diaconi, questa celebrazione offrir\u00e0 spunti per l\u2019esame di coscienza e orientamenti per un proposito comune dopo le confessioni individuali.<\/div>\n<div><\/div>\n<div>Infine, l\u2019Arcivescovo presieder\u00e0 la Via Crucis nelle sette Zone pastorali della Diocesi. Di seguito il calendario completo delle celebrazioni con date e localit\u00e0.<\/div>\n<div><\/div>\n<div>Marted\u00ec 24 febbraio, ore 20.45, Lissone (MB &#8211; Zona V): partenza dalla RSA Agostoni (via Bernasconi 14), arrivo alla chiesa Prepositurale SS. Pietro e Paolo (piazza Giovanni XXIII 7)<\/div>\n<div>Venerd\u00ec 27 febbraio, ore 20.45, Magenta (MI &#8211; Zona IV): partenza da piazza Arrigo VII, arrivo alla Basilica S. Martino (via S. Martino 1)<\/div>\n<div>Marted\u00ec 3 marzo, ore 20.45, Oggiono (LC &#8211; Zona III): partenza dalla parrocchia S. Eufemia (Piazza Chiesa 1), arrivo alla parrocchia S. Eufemia<\/div>\n<div>Venerd\u00ec 6 marzo, ore 20.45, Varese (Zona II): partenza dall&#8217;Istituto La Casa (via Francesco Crispi 4), arrivo alla Basilica S. Vittore (piazza S. Vittore)<\/div>\n<div>Marted\u00ec 10 marzo, ore 20.45, Cinisello Balsamo (MI \u2013 Zona VII): partenza dalla parrocchia Pio X (via Marconi 129), arrivo alla parrocchia Regina Pacis di Cusano Milanino (via Lauro 1)<\/div>\n<div>Venerd\u00ec 13 marzo, ore 20.45, Rozzano (MI \u2013 Zona VI): partenza da Cascina Grande (via Togliatti 107), arrivo alla parrocchia di S. Angelo (via Don Angelo Lonni 5)<\/div>\n<div>Venerd\u00ec 20 marzo (orario da definire), Milano (Zona I): partenza dalla Basilica di Santo Stefano Maggiore (piazza S. Stefano), arrivo in Duomo.<\/div>\n<div><\/div>\n<div>\u2026\u2026\u2026\u2026\u2026\u2026\u2026\u2026\u2026\u2026\u2026\u2026\u2026\u2026\u2026\u2026\u2026\u2026\u2026\u2026\u2026\u2026\u2026\u2026..<\/div>\n<div>Contatti Ufficio per le Comunicazioni sociali<\/div>\n<div>Arcidiocesi di Milano<\/div>\n<div>Stefano Femminis (Responsabile): +39 3479784614<\/div>\n<div>Raffaele Biglia: +39 3338829000<\/div>\n<div><\/div>\n<div><\/div>\n","protected":false},"excerpt":{"rendered":"Milano, 20 febbraio 2026 \u2013 Domenica 22 febbraio alle ore 17.30 l\u2019Arcivescovo di Milano, mons. Mario Delpini, presieder\u00e0 in Duomo la Messa nella prima Domenica di Quaresima, a cui seguir\u00e0 il Rito dell\u2019Imposizione delle ceneri. La celebrazione sar\u00e0 trasmessa in diretta streaming su www.chiesadimilano.it e sul canale YouTube della Diocesi. Con l\u2019inizio della Quaresima prender\u00e0 [&hellip;]","protected":false},"author":0,"featured_media":0,"comment_status":"closed","ping_status":"closed","sticky":false,"template":"","format":"standard","meta":{"ip_address":"","user_agent":"","level":"","revision":"","cookie_id":"","page_referer":"","html_form":""},"categories":[282],"tags":[],"acf":[],"_links":{"self":[{"href":"https:\/\/www.chiesadimilano.it\/ufficioperlecomunicazionisociali\/wp-json\/wp\/v2\/posts\/16546"}],"collection":[{"href":"https:\/\/www.chiesadimilano.it\/ufficioperlecomunicazionisociali\/wp-json\/wp\/v2\/posts"}],"about":[{"href":"https:\/\/www.chiesadimilano.it\/ufficioperlecomunicazionisociali\/wp-json\/wp\/v2\/types\/post"}],"author":[{"embeddable":true,"href":"https:\/\/www.chiesadimilano.it\/ufficioperlecomunicazionisociali\/wp-json\/wp\/v2\/users\/64"}],"replies":[{"embeddable":true,"href":"https:\/\/www.chiesadimilano.it\/ufficioperlecomunicazionisociali\/wp-json\/wp\/v2\/comments?post=16546"}],"version-history":[{"count":3,"href":"https:\/\/www.chiesadimilano.it\/ufficioperlecomunicazionisociali\/wp-json\/wp\/v2\/posts\/16546\/revisions"}],"predecessor-version":[{"id":16576,"href":"https:\/\/www.chiesadimilano.it\/ufficioperlecomunicazionisociali\/wp-json\/wp\/v2\/posts\/16546\/revisions\/16576"}],"wp:attachment":[{"href":"https:\/\/www.chiesadimilano.it\/ufficioperlecomunicazionisociali\/wp-json\/wp\/v2\/media?parent=16546"}],"wp:term":[{"taxonomy":"category","embeddable":true,"href":"https:\/\/www.chiesadimilano.it\/ufficioperlecomunicazionisociali\/wp-json\/wp\/v2\/categories?post=16546"},{"taxonomy":"post_tag","embeddable":true,"href":"https:\/\/www.chiesadimilano.it\/ufficioperlecomunicazionisociali\/wp-json\/wp\/v2\/tags?post=16546"}],"curies":[{"name":"wp","href":"https:\/\/api.w.org\/{rel}","templated":true}]}}