{"id":16543,"date":"2026-02-24T12:09:45","date_gmt":"2026-02-24T11:09:45","guid":{"rendered":"https:\/\/www.chiesadimilano.it\/ufficioperlecomunicazionisociali\/?p=16543"},"modified":"2026-02-25T11:04:51","modified_gmt":"2026-02-25T10:04:51","slug":"in-duomo-larcivescovo-ha-annunciato-la-prossima-chiusura-della-fase-diocesana-per-la-beatificazione-di-don-luigi-giussan","status":"publish","type":"post","link":"https:\/\/www.chiesadimilano.it\/ufficioperlecomunicazionisociali\/comunicati-stampa\/in-duomo-larcivescovo-ha-annunciato-la-prossima-chiusura-della-fase-diocesana-per-la-beatificazione-di-don-luigi-giussan-16543.html","title":{"rendered":"In Duomo l\u2019Arcivescovo ha annunciato la prossima chiusura della fase diocesana per la beatificazione di don Luigi Giussan"},"content":{"rendered":"<p>Milano, 19 febbraio 2026 \u2013 Si \u00e8 da poco conclusa in Duomo la Messa, presieduta dall\u2019Arcivescovo di Milano, mons. Mario Delpini, nella memoria del Servo di Dio don Luigi Giussani, il sacerdote ambrosiano, fondatore del movimento di \u201cComunione e Liberazione\u201d, nato a Desio il 15 ottobre 1922 e morto a Milano il 22 febbraio 2005 in fama di santit\u00e0. Al termine della celebrazione l\u2019Arcivescovo ha comunicato che gioved\u00ec 14 maggio, giorno dell\u2019Ascensione del Signore, alle 17, nella Basilica di Sant\u2019Ambrogio, presieder\u00e0 la Messa che segner\u00e0 la conclusione della fase diocesana dell\u2019Inchiesta in vista della beatificazione e della canonizzazione di don Giussani. Nel dare l\u2019annuncio mons. Delpini ha ricordato don Giussani come \u00abun sacerdote ambrosiano, innamorato della nostra Chiesa, che volle servire per tutta la sua vita con l\u2019ardore del suo animo e del suo zelo. Nella sua vita e nel suo ministero ha indicato quali frutti possa avere l\u2019intenso amore per Dio: la fecondit\u00e0 che pu\u00f2 dare (come ha dato) origine a qualcosa che lo Spirito di Dio rende prezioso per la Chiesa tutta. Penso qui al dono che \u00e8 per la Chiesa universale il Movimento e la Fraternit\u00e0 di Comunione e Liberazione, il cui fecondo carisma \u00e8 diffuso ormai in tutto il mondo\u00bb. A dare avvio al processo che ora giunge a compimento in ambito diocesano fu, nel 2012, l\u2019allora Arcivescovo di Milano, il cardinale Angelo Scola, che, accogliendo la richiesta della Fraternit\u00e0 di \u201cComunione e Liberazione\u201d, dispose l\u2019inizio dell\u2019Inchiesta diocesana per la beatificazione e canonizzazione del suo fondatore e, secondo le norme emanate dalla Santa Sede, dispose l\u2019inizio della cosiddetta \u201cfase documentale\u201d. Due teologi furono incaricati di esaminare gli scritti pubblicati e di redigere una Dichiarazione che attestasse l\u2019assenza di errori in materia di fede e di morale, illustrando al contempo il pensiero teologico e la spiritualit\u00e0 del Servo di Dio. Parallelamente venne costituita una Commissione storica, con il compito di raccogliere tutta la documentazione utile a ricostruirne la vita. Scopo di tale ricerca \u00e8 fondare documentalmente la pertinenza e la convenienza della beatificazione di don Giussani, quale modello convincente di vita cristiana e, in questo caso specifico, sacerdotale. Il 9 maggio 2024 nella Basilica di Sant\u2019Ambrogio mons. Delpini ha poi aperto con una celebrazione solenne la prima sessione pubblica della \u201cfase testimoniale\u201d, durante la quale sono state acquisite circa 80 testimonianze a conferma della spiritualit\u00e0 e della fama di santit\u00e0 di don Giussani. Questa fase si concluder\u00e0 con la Messa del 14 maggio. Tutta la documentazione raccolta in questi anni verr\u00e0 trasmessa al Dicastero delle Cause dei Santi della Santa Sede, dove verr\u00e0 verificato il lavoro fatto nella Diocesi ambrosiana e seguiranno le altre fasi previste dalle norme fino ad arrivare all\u2019eventuale decisione del Santo Padre di dichiarare \u201cVenerabile\u201d il Servo di Dio. A quel punto, acclarato almeno un miracolo compiuto da Dio attraverso la preghiera e l&#8217;intercessione di don Giussani, questi potr\u00e0 essere proclamato &#8220;Beato&#8221; e, dopo un successivo miracolo, &#8220;Santo&#8221;. La scelta della data e del luogo per la celebrazione di maggio \u00e8 legata alla figura stessa di don Giussani: la solennit\u00e0 dell\u2019Ascensione era particolarmente cara al sacerdote, mentre la Basilica, vicina alle aule dell\u2019Universit\u00e0 Cattolica del Sacro Cuore, vuole ricordare i luoghi in cui per molti anni il sacerdote ambrosiano form\u00f2 generazioni di giovani.<br \/>\n\u2026\u2026\u2026\u2026\u2026\u2026\u2026\u2026\u2026\u2026\u2026\u2026\u2026\u2026\u2026\u2026\u2026\u2026\u2026\u2026\u2026\u2026\u2026\u2026..<\/p>\n<p>Contatti Ufficio per le Comunicazioni sociali<br \/>\nArcidiocesi di Milano<br \/>\nStefano Femminis (Responsabile): +39 3479784614<br \/>\nRaffaele Biglia: +39 3338829000<\/p>\n","protected":false},"excerpt":{"rendered":"Milano, 19 febbraio 2026 \u2013 Si \u00e8 da poco conclusa in Duomo la Messa, presieduta dall\u2019Arcivescovo di Milano, mons. Mario Delpini, nella memoria del Servo di Dio don Luigi Giussani, il sacerdote ambrosiano, fondatore del movimento di \u201cComunione e Liberazione\u201d, nato a Desio il 15 ottobre 1922 e morto a Milano il 22 febbraio 2005 [&hellip;]","protected":false},"author":0,"featured_media":0,"comment_status":"closed","ping_status":"closed","sticky":false,"template":"","format":"standard","meta":{"ip_address":"","user_agent":"","level":"","revision":"","cookie_id":"","page_referer":"","html_form":""},"categories":[282],"tags":[],"acf":[],"_links":{"self":[{"href":"https:\/\/www.chiesadimilano.it\/ufficioperlecomunicazionisociali\/wp-json\/wp\/v2\/posts\/16543"}],"collection":[{"href":"https:\/\/www.chiesadimilano.it\/ufficioperlecomunicazionisociali\/wp-json\/wp\/v2\/posts"}],"about":[{"href":"https:\/\/www.chiesadimilano.it\/ufficioperlecomunicazionisociali\/wp-json\/wp\/v2\/types\/post"}],"author":[{"embeddable":true,"href":"https:\/\/www.chiesadimilano.it\/ufficioperlecomunicazionisociali\/wp-json\/wp\/v2\/users\/64"}],"replies":[{"embeddable":true,"href":"https:\/\/www.chiesadimilano.it\/ufficioperlecomunicazionisociali\/wp-json\/wp\/v2\/comments?post=16543"}],"version-history":[{"count":3,"href":"https:\/\/www.chiesadimilano.it\/ufficioperlecomunicazionisociali\/wp-json\/wp\/v2\/posts\/16543\/revisions"}],"predecessor-version":[{"id":16578,"href":"https:\/\/www.chiesadimilano.it\/ufficioperlecomunicazionisociali\/wp-json\/wp\/v2\/posts\/16543\/revisions\/16578"}],"wp:attachment":[{"href":"https:\/\/www.chiesadimilano.it\/ufficioperlecomunicazionisociali\/wp-json\/wp\/v2\/media?parent=16543"}],"wp:term":[{"taxonomy":"category","embeddable":true,"href":"https:\/\/www.chiesadimilano.it\/ufficioperlecomunicazionisociali\/wp-json\/wp\/v2\/categories?post=16543"},{"taxonomy":"post_tag","embeddable":true,"href":"https:\/\/www.chiesadimilano.it\/ufficioperlecomunicazionisociali\/wp-json\/wp\/v2\/tags?post=16543"}],"curies":[{"name":"wp","href":"https:\/\/api.w.org\/{rel}","templated":true}]}}