{"id":2638,"date":"2014-04-13T22:00:00","date_gmt":"2014-04-13T20:00:00","guid":{"rendered":"http:\/\/production-cdm.glauco.it\/pgfom\/scola-ragazzi-coltivate-lordine-negli-affetti-2638\/"},"modified":"2017-05-04T01:58:34","modified_gmt":"2017-05-03T23:58:34","slug":"scola-ragazzi-coltivate-lordine-negli-affetti","status":"publish","type":"post","link":"https:\/\/www.chiesadimilano.it\/pgfom\/senza-categoria\/scola-ragazzi-coltivate-lordine-negli-affetti-2638.html","title":{"rendered":"Scola: \u00abRagazzi, coltivate <br>l&#8217;ordine negli affetti\u00bb"},"content":{"rendered":"<p>\tRagazzi, superate la logica del calcolo, reagite a chi predica il disordine degli affetti e delle relazioni. Abbiate coraggio, andate oltre guardando verso il Crocifisso.<br \/>\tIl cardinale Scola in Duomo, presiede la Veglia \u00abin Traditione Symboli\u00bb, dal titolo, quest\u2019anno \u201cHo tanto amato il mondo\u201d e di fronte a circa cinquemila ragazzi che affollano la Cattedrale, non usa mezzi termini per richiamare e incoraggiare i giovani.<br \/>\tIl riferimento \u00e8 alla pagina di Giovanni (3, 16-21) che costituisce la conclusione del dialogo tra Ges\u00f9 e Nicodemo. Dal Vangelo e da alcuni brani interpretati durante la Veglia, prende il via l\u2019omelia. \u00abSe superiamo la tentazione della distrazione, se fissiamo il nostro sguardo sul Crocifisso, potremo sempre sorprenderci in profondo\u00bb.<br \/>\tI ragazzi \u2013 i prima fila ci sono i 146 Catecumeni che riceveranno nelle serata con tutti gli altri giovani della diocesi, il Credo, simbolo della fede \u2013 seguono la riflessione in un silenzio totale. Sull\u2019altare maggiore e nella Navata centrale trovano posto due belle opere contemporanee di Velasco Vitali che ricordano lo stile del farsi prossimo, della cura in tutti i sensi: la prima, \u201cAntico Testamento\u201d, richiama l\u2019amore di Dio per la terra; la seconda, appunto \u201cCura\u201d, normalmente sita presso l\u2019Ospedale Niguarda, esprime l\u2019attenzione dei medici verso i malati, e nel contesto della celebrazione, rappresenta l\u2019amore di Ges\u00f9 per il mondo.<br \/>\t\u00abNell\u2019amore umano, nel nostro cuore, dobbiamo tentare uno sguardo come quello che fu di Agostino \u2013 citato nella drammatizzazione scenica della \u201cTraditio\u201d \u2013, che proprio qui sotto, nell\u2019antico Battistero del Duomo, ricevette il Battesimo. Uno sguardo che parla di amore potente e ordinato cos\u00ec come lo insegna il Signore, l\u2019innocente inchiodato sul palo della croce\u00bb.<br \/>\tIl pensiero \u00e8 per chi, nella nostra post-modernit\u00e0, predica la divisione dell\u2019io e il facile disordine degli affetti, come se esistesse un ambito ordinato della razionalit\u00e0 e uno, appunto, disordinato dell\u2019affettivit\u00e0. \u00abNon \u00e8 cos\u00ec, non fatevi ingannare\u00bb, ammonisce., \u00abNon abbiate paura di quello sguardo con cui puoi guardare e rispettare la tua ragazza o il tuo ragazzo. La ragionevolezza dello stare insieme ha un suo nome, castit\u00e0\u00bb.<br \/>\tInsomma, l\u2019invito \u00e8 a prendere sul serio il grande dono della vita e dell\u2019amore, senza scorciatoie e banalizzazioni: \u00abNon vogliamo essere pessimisti, ma pensiamo alla modalit\u00e0 con cui si vivono oggi le relazioni nella nostra societ\u00e0 \u2013 scandisce il Cardinale \u2013 e pensiamo, invece, cosa insegna il Crocifisso. Grazie al Signore abbiamo avuto esperienza autentica di cosa significhi amare e questo pu\u00f2 indicare la strada per non cadere in ci\u00f2 che Calvino (richiamato durante l\u2019incontro) definisce \u201cla ragnatela di rapporti intricati in cerca di una forma\u201d. Anche noi tutti abbiamo bisogno di punti di aggregazione, per non finire nell\u2019intrico di una trama disordinata di fili\u00bb.<br \/>\tInfine, l\u2019auspicio che \u00e8 anche un impegno, rinnovato poco dopo visivamente nel gesto dall\u2019adorazione della Croce e dalla consegna del Credo. \u00abAndate oltre la grande tentazione dell\u2019oggi di rassegnarsi, dell\u2019accomodarsi nella nostra facile finitudine, nelle piccole cose\u00bb. Volate alto, suggerisce il Cardinale, andando con coraggio verso la verit\u00e0, con gratuit\u00e0 e unit\u00e0 dell\u2019io. Troverete la vostra strada, il vostro lavoro, il domani\u00bb.<br \/>\tE, alla fine, dopo un saluto del vicario episcopale, monsignor Pierantonio Tremolada, mentre tra le navate risuonano le note di \u201cLuce di Verit\u00e0\u201d quasi come emblema di un cammino futuro, i giovani che circondano l\u2019Arcivescovo, che fanno fotografie con i loro smartphones e che sembrano non volere lasciare mai il Duomo.<\/p>\n","protected":false},"excerpt":{"rendered":"<p>Ragazzi, superate la logica del calcolo, reagite a chi predica il disordine degli affetti e delle relazioni. Abbiate coraggio, andate oltre guardando verso il Crocifisso. Il cardinale Scola in Duomo, presiede la Veglia \u00abin Traditione Symboli\u00bb, dal titolo, quest\u2019anno \u201cHo tanto amato il mondo\u201d e di fronte a circa cinquemila ragazzi che affollano la Cattedrale, [&hellip;]<\/p>\n","protected":false},"author":0,"featured_media":10133,"comment_status":"closed","ping_status":"closed","sticky":false,"template":"","format":"standard","meta":{"ip_address":"","user_agent":"","level":"","revision":"","cookie_id":"","page_referer":"","html_form":""},"categories":[],"tags":[],"acf":[],"_links":{"self":[{"href":"https:\/\/www.chiesadimilano.it\/pgfom\/wp-json\/wp\/v2\/posts\/2638"}],"collection":[{"href":"https:\/\/www.chiesadimilano.it\/pgfom\/wp-json\/wp\/v2\/posts"}],"about":[{"href":"https:\/\/www.chiesadimilano.it\/pgfom\/wp-json\/wp\/v2\/types\/post"}],"author":[{"embeddable":true,"href":"https:\/\/www.chiesadimilano.it\/pgfom\/wp-json\/wp\/v2\/users\/1"}],"replies":[{"embeddable":true,"href":"https:\/\/www.chiesadimilano.it\/pgfom\/wp-json\/wp\/v2\/comments?post=2638"}],"version-history":[{"count":1,"href":"https:\/\/www.chiesadimilano.it\/pgfom\/wp-json\/wp\/v2\/posts\/2638\/revisions"}],"predecessor-version":[{"id":6211,"href":"https:\/\/www.chiesadimilano.it\/pgfom\/wp-json\/wp\/v2\/posts\/2638\/revisions\/6211"}],"wp:featuredmedia":[{"embeddable":true,"href":"https:\/\/www.chiesadimilano.it\/pgfom\/wp-json\/wp\/v2\/media\/10133"}],"wp:attachment":[{"href":"https:\/\/www.chiesadimilano.it\/pgfom\/wp-json\/wp\/v2\/media?parent=2638"}],"wp:term":[{"taxonomy":"category","embeddable":true,"href":"https:\/\/www.chiesadimilano.it\/pgfom\/wp-json\/wp\/v2\/categories?post=2638"},{"taxonomy":"post_tag","embeddable":true,"href":"https:\/\/www.chiesadimilano.it\/pgfom\/wp-json\/wp\/v2\/tags?post=2638"}],"curies":[{"name":"wp","href":"https:\/\/api.w.org\/{rel}","templated":true}]}}